{"id":351,"date":"2020-07-17T10:30:00","date_gmt":"2020-07-17T13:30:00","guid":{"rendered":"https:\/\/www.anfitriaoprime.com.br\/blog\/?p=351"},"modified":"2025-05-07T17:39:43","modified_gmt":"2025-05-07T20:39:43","slug":"aluguel-de-temporada-deve-se-recuperar-primeiro-da-pandemia","status":"publish","type":"post","link":"https:\/\/www.anfitriaoprime.com.br\/blog\/aluguel-de-temporada-deve-se-recuperar-primeiro-da-pandemia\/","title":{"rendered":"Aluguel de temporada deve se recuperar primeiro da pandemia"},"content":{"rendered":"\n<p>H\u00e1 quatro meses, os com\u00e9rcios foram fechados devido a pandemia do coronav\u00edrus e um dos setores mais atingidos foi o do turismo. Aeroportos proibiram voos, mesmo que nacionais e, n\u00f3s do Anfitri\u00e3o Prime podemos imaginar a inseguran\u00e7a que esse per\u00edodo trouxe para voc\u00ea\u2026<\/p>\n\n\n\n<p>Mas fique tranquilo! O aluguel de temporada deve ser o primeiro setor tur\u00edstico a se recuperar dessa crise sanit\u00e1ria e econ\u00f4mica.&nbsp;<\/p>\n\n\n\n<p>O <a href=\"https:\/\/www.gov.br\/turismo\/pt-br\" target=\"_blank\" rel=\"noreferrer noopener\">Minist\u00e9rio do Turismo<\/a> apontou que o turismo dom\u00e9stico, nacional, vai ser o primeiro a ver um aumento, uma vez que as pessoas ainda se sentem inseguras para sair do pa\u00eds. Inclusive, viagens de carro dentro do pr\u00f3prio Estado ser\u00e3o mais procuradas.\u00a0<\/p>\n\n\n\n<figure class=\"wp-block-image size-large\"><img decoding=\"async\" loading=\"lazy\" width=\"750\" height=\"410\" src=\"https:\/\/www.anfitriaoprime.com.br\/blog\/wp-content\/uploads\/2020\/07\/mulher-no-aeroporto-retomada-aluguel-de-temporada.jpg\" alt=\"mulher-espera-no-aeroporto-retomada-aluguel-de-temporada\" class=\"wp-image-362\" srcset=\"https:\/\/www.anfitriaoprime.com.br\/blog\/wp-content\/uploads\/2020\/07\/mulher-no-aeroporto-retomada-aluguel-de-temporada.jpg 750w, https:\/\/www.anfitriaoprime.com.br\/blog\/wp-content\/uploads\/2020\/07\/mulher-no-aeroporto-retomada-aluguel-de-temporada-300x164.jpg 300w\" sizes=\"(max-width: 750px) 100vw, 750px\" \/><figcaption class=\"wp-element-caption\">Turismo dom\u00e9stico deve ser o primeiro a se recuperar<\/figcaption><\/figure>\n\n\n\n<p>Isso significa que as pessoas v\u00e3o come\u00e7ar a procurar destinos perto da pr\u00f3pria casa delas, logo, cidades do interior e litoral t\u00eam tudo para serem as primeiras procuradas.&nbsp;<\/p>\n\n\n\n<p>Durante esse per\u00edodo de isolamento, o Airbnb registrou um aumento nas reservas de longo prazo, ou seja, reservas de 28 dias ou mais, porque as pessoas est\u00e3o procurando lugares para passar a quarentena e isolar pessoas do grupo de risco na fam\u00edlia, como idosos, visando a seguran\u00e7a de todos.<\/p>\n\n\n\n<p>Houve um aumento na procura de im\u00f3veis no interior e nas regi\u00f5es litor\u00e2neas, mas se o seu im\u00f3vel fica na parte metropolitana da cidade, fique tranquilo! Existem algumas coisas que voc\u00ea pode fazer para seu im\u00f3vel se destacar nesse per\u00edodo.<\/p>\n\n\n\n<h2>Como se destacar no aluguel de temporada:<\/h2>\n\n\n\n<ol>\n<li><strong>Self check-in<\/strong>: com o check-in autom\u00e1tico, voc\u00ea n\u00e3o precisa estar presente na hora que seu h\u00f3spede chegar ao im\u00f3vel, logo, n\u00e3o vai existir o contato f\u00edsico e nem um risco de contamina\u00e7\u00e3o. <a href=\"https:\/\/www.anfitriaoprime.com.br\/blog\/self-check-in-diferencial-do-imovel-em-tempos-de-covid\/\">Saiba como funciona o self check-in!<\/a>\u00a0<\/li>\n\n\n\n<li><strong>Adequar seu im\u00f3vel para o home office<\/strong>: muitas empresas adotaram o home office durante esse per\u00edodo, ent\u00e3o uma forma de fazer seu im\u00f3vel se destacar, \u00e9 investir em uma boa mesa ou escrivaninha e em uma boa internet para que seu h\u00f3spede possa trabalhar sem preocupa\u00e7\u00f5es.<\/li>\n\n\n\n<li><strong>Ofere\u00e7a entretenimento<\/strong>: caso seu im\u00f3vel n\u00e3o tenha uma piscina ou churrasqueira, ofere\u00e7a outro tipo de entretenimento como jogos de tabuleiro, quebra-cabe\u00e7as, TV a cabo ou algum servi\u00e7o de streaming, como Spotify ou Netflix, para o seu h\u00f3spede.<\/li>\n<\/ol>\n\n\n\n<p>Tudo indica tamb\u00e9m que o aluguel por temporada vai ser mais requisitado do que estadias em hotel por conta da confian\u00e7a na <a href=\"https:\/\/www.anfitriaoprime.com.br\/blog\/como-cuidar-limpeza-do-imovel-em-tempos-de-coronavirus\/\" target=\"_blank\" rel=\"noreferrer noopener\">limpeza e higiene<\/a> do local &#8211; prepare-se anfitri\u00e3o, seus h\u00f3spedes estar\u00e3o muito mais criteriosos com esse t\u00f3pico e, pensando nisso, n\u00f3s criamos uma sess\u00e3o especial chamada \u201c<a href=\"https:\/\/www.anfitriaoprime.com.br\/blog\/category\/aluguel-de-temporada-x-coronavirus\/\">Aluguel de temporada x coronav\u00edrus<\/a>\u201d para voc\u00ea preparar seu im\u00f3vel para receber os h\u00f3spedes durante e at\u00e9 depois que isso tudo passar.\u00a0<\/p>\n\n\n\n<figure class=\"wp-block-image size-large\"><img decoding=\"async\" loading=\"lazy\" width=\"750\" height=\"410\" src=\"https:\/\/www.anfitriaoprime.com.br\/blog\/wp-content\/uploads\/2020\/07\/retomada-aluguel-de-temporada-coronav\u00edrus.jpg\" alt=\"\" class=\"wp-image-363\" srcset=\"https:\/\/www.anfitriaoprime.com.br\/blog\/wp-content\/uploads\/2020\/07\/retomada-aluguel-de-temporada-coronav\u00edrus.jpg 750w, https:\/\/www.anfitriaoprime.com.br\/blog\/wp-content\/uploads\/2020\/07\/retomada-aluguel-de-temporada-coronav\u00edrus-300x164.jpg 300w\" sizes=\"(max-width: 750px) 100vw, 750px\" \/><figcaption class=\"wp-element-caption\">Viagens de carro ser\u00e3o mais comuns do que de avi\u00f5es<\/figcaption><\/figure>\n\n\n\n<p>Sites de reservas, como o Airbnb, est\u00e3o fornecendo um selo para os anfitri\u00f5es que cumprem com os novos protocolos de limpeza do local.<\/p>\n\n\n\n<p>N\u00f3s do <a href=\"https:\/\/www.anfitriaoprime.com.br\" target=\"_blank\" rel=\"noreferrer noopener\">Anfitri\u00e3o Prime<\/a> estamos acompanhando o movimento de procura dos h\u00f3spedes e podemos afirmar para voc\u00ea: as pessoas est\u00e3o procurando outros lugares para passar a quarentena.<\/p>\n","protected":false},"excerpt":{"rendered":"<p>H\u00e1 quatro meses, os com\u00e9rcios foram fechados devido a pandemia do coronav\u00edrus e um dos setores mais atingidos foi o do turismo. Aeroportos proibiram voos, mesmo que nacionais e, n\u00f3s do Anfitri\u00e3o Prime podemos imaginar a inseguran\u00e7a que esse per\u00edodo trouxe para voc\u00ea\u2026 Mas fique tranquilo! O aluguel de temporada deve ser o primeiro setor [&hellip;]<\/p>\n","protected":false},"author":1,"featured_media":361,"comment_status":"open","ping_status":"open","sticky":false,"template":"","format":"standard","meta":[],"categories":[36,7],"tags":[27,19,41,44,42],"yoast_head":"<!-- This site is optimized with the Yoast SEO plugin v21.1 - https:\/\/yoast.com\/wordpress\/plugins\/seo\/ -->\n<title>Aluguel de temporada deve se recuperar primeiro da pandemia - Blog Anfitri\u00e3o Prime: Ganhe dinheiro com aluguel de temporada.<\/title>\n<meta name=\"description\" content=\"Saiba qual o panorama para os pr\u00f3ximos meses no setor do turismo e aluguel de temporada e veja quais atitudes tomar para acompanhar o mercado.\" \/>\n<meta name=\"robots\" content=\"index, follow, max-snippet:-1, max-image-preview:large, max-video-preview:-1\" \/>\n<link rel=\"canonical\" href=\"https:\/\/www.anfitriaoprime.com.br\/blog\/aluguel-de-temporada-deve-se-recuperar-primeiro-da-pandemia\/\" \/>\n<meta property=\"og:locale\" content=\"pt_BR\" \/>\n<meta property=\"og:type\" content=\"article\" \/>\n<meta property=\"og:title\" content=\"Aluguel de temporada deve se recuperar primeiro da pandemia - Blog Anfitri\u00e3o Prime: Ganhe dinheiro com aluguel de temporada.\" \/>\n<meta property=\"og:description\" content=\"Saiba qual o panorama para os pr\u00f3ximos meses no setor do turismo e aluguel de temporada e veja quais atitudes tomar para acompanhar o mercado.\" \/>\n<meta property=\"og:url\" content=\"https:\/\/www.anfitriaoprime.com.br\/blog\/aluguel-de-temporada-deve-se-recuperar-primeiro-da-pandemia\/\" \/>\n<meta property=\"og:site_name\" content=\"Blog Anfitri\u00e3o Prime: Ganhe dinheiro com aluguel de temporada.\" \/>\n<meta property=\"article:published_time\" content=\"2020-07-17T13:30:00+00:00\" \/>\n<meta property=\"article:modified_time\" content=\"2025-05-07T20:39:43+00:00\" \/>\n<meta property=\"og:image\" content=\"https:\/\/www.anfitriaoprime.com.br\/blog\/wp-content\/uploads\/2020\/07\/viagem-carro-retomada-aluguel-de-temporada.jpg\" \/>\n\t<meta property=\"og:image:width\" content=\"1920\" \/>\n\t<meta property=\"og:image:height\" content=\"550\" \/>\n\t<meta property=\"og:image:type\" content=\"image\/jpeg\" \/>\n<meta name=\"author\" content=\"anfitriaoprime\" \/>\n<meta name=\"twitter:card\" content=\"summary_large_image\" \/>\n<meta name=\"twitter:label1\" content=\"Escrito por\" \/>\n\t<meta name=\"twitter:data1\" content=\"anfitriaoprime\" \/>\n\t<meta name=\"twitter:label2\" content=\"Est. tempo de leitura\" \/>\n\t<meta name=\"twitter:data2\" content=\"4 minutos\" \/>\n<script type=\"application\/ld+json\" class=\"yoast-schema-graph\">{\"@context\":\"https:\/\/schema.org\",\"@graph\":[{\"@type\":\"WebPage\",\"@id\":\"https:\/\/www.anfitriaoprime.com.br\/blog\/aluguel-de-temporada-deve-se-recuperar-primeiro-da-pandemia\/\",\"url\":\"https:\/\/www.anfitriaoprime.com.br\/blog\/aluguel-de-temporada-deve-se-recuperar-primeiro-da-pandemia\/\",\"name\":\"Aluguel de temporada deve se recuperar primeiro da pandemia - Blog Anfitri\u00e3o Prime: Ganhe dinheiro com aluguel de temporada.\",\"isPartOf\":{\"@id\":\"https:\/\/www.anfitriaoprime.com.br\/blog\/#website\"},\"datePublished\":\"2020-07-17T13:30:00+00:00\",\"dateModified\":\"2025-05-07T20:39:43+00:00\",\"author\":{\"@id\":\"https:\/\/www.anfitriaoprime.com.br\/blog\/#\/schema\/person\/1938a3ae114d1c7ab2db79ebd2bb7bdd\"},\"description\":\"Saiba qual o panorama para os pr\u00f3ximos meses no setor do turismo e aluguel de temporada e veja quais atitudes tomar para acompanhar o mercado.\",\"breadcrumb\":{\"@id\":\"https:\/\/www.anfitriaoprime.com.br\/blog\/aluguel-de-temporada-deve-se-recuperar-primeiro-da-pandemia\/#breadcrumb\"},\"inLanguage\":\"pt-BR\",\"potentialAction\":[{\"@type\":\"ReadAction\",\"target\":[\"https:\/\/www.anfitriaoprime.com.br\/blog\/aluguel-de-temporada-deve-se-recuperar-primeiro-da-pandemia\/\"]}]},{\"@type\":\"BreadcrumbList\",\"@id\":\"https:\/\/www.anfitriaoprime.com.br\/blog\/aluguel-de-temporada-deve-se-recuperar-primeiro-da-pandemia\/#breadcrumb\",\"itemListElement\":[{\"@type\":\"ListItem\",\"position\":1,\"name\":\"In\u00edcio\",\"item\":\"https:\/\/www.anfitriaoprime.com.br\/blog\/\"},{\"@type\":\"ListItem\",\"position\":2,\"name\":\"Aluguel de temporada deve se recuperar primeiro da pandemia\"}]},{\"@type\":\"WebSite\",\"@id\":\"https:\/\/www.anfitriaoprime.com.br\/blog\/#website\",\"url\":\"https:\/\/www.anfitriaoprime.com.br\/blog\/\",\"name\":\"Blog Anfitri\u00e3o Prime - Gest\u00e3o de propriedade para aluguel de temporada\",\"description\":\"No blog do Anfitri\u00e3o Prime voc\u00ea encontra dicas e informa\u00e7\u00f5es sobre o mercado de aluguel de temporada escrito por anfitri\u00f5es profissionais\",\"potentialAction\":[{\"@type\":\"SearchAction\",\"target\":{\"@type\":\"EntryPoint\",\"urlTemplate\":\"https:\/\/www.anfitriaoprime.com.br\/blog\/?s={search_term_string}\"},\"query-input\":\"required name=search_term_string\"}],\"inLanguage\":\"pt-BR\"},{\"@type\":\"Person\",\"@id\":\"https:\/\/www.anfitriaoprime.com.br\/blog\/#\/schema\/person\/1938a3ae114d1c7ab2db79ebd2bb7bdd\",\"name\":\"anfitriaoprime\",\"image\":{\"@type\":\"ImageObject\",\"inLanguage\":\"pt-BR\",\"@id\":\"https:\/\/www.anfitriaoprime.com.br\/blog\/#\/schema\/person\/image\/\",\"url\":\"https:\/\/secure.gravatar.com\/avatar\/1adb0796a2d3d9f29c7b10e53d35b528?s=96&d=mm&r=g\",\"contentUrl\":\"https:\/\/secure.gravatar.com\/avatar\/1adb0796a2d3d9f29c7b10e53d35b528?s=96&d=mm&r=g\",\"caption\":\"anfitriaoprime\"},\"sameAs\":[\"https:\/\/www.anfitriaoprime.com.br\/blog\"]}]}<\/script>\n<!-- \/ Yoast SEO plugin. -->","yoast_head_json":{"title":"Aluguel de temporada deve se recuperar primeiro da pandemia - Blog Anfitri\u00e3o Prime: Ganhe dinheiro com aluguel de temporada.","description":"Saiba qual o panorama para os pr\u00f3ximos meses no setor do turismo e aluguel de temporada e veja quais atitudes tomar para acompanhar o mercado.","robots":{"index":"index","follow":"follow","max-snippet":"max-snippet:-1","max-image-preview":"max-image-preview:large","max-video-preview":"max-video-preview:-1"},"canonical":"https:\/\/www.anfitriaoprime.com.br\/blog\/aluguel-de-temporada-deve-se-recuperar-primeiro-da-pandemia\/","og_locale":"pt_BR","og_type":"article","og_title":"Aluguel de temporada deve se recuperar primeiro da pandemia - Blog Anfitri\u00e3o Prime: Ganhe dinheiro com aluguel de temporada.","og_description":"Saiba qual o panorama para os pr\u00f3ximos meses no setor do turismo e aluguel de temporada e veja quais atitudes tomar para acompanhar o mercado.","og_url":"https:\/\/www.anfitriaoprime.com.br\/blog\/aluguel-de-temporada-deve-se-recuperar-primeiro-da-pandemia\/","og_site_name":"Blog Anfitri\u00e3o Prime: Ganhe dinheiro com aluguel de temporada.","article_published_time":"2020-07-17T13:30:00+00:00","article_modified_time":"2025-05-07T20:39:43+00:00","og_image":[{"width":1920,"height":550,"url":"https:\/\/www.anfitriaoprime.com.br\/blog\/wp-content\/uploads\/2020\/07\/viagem-carro-retomada-aluguel-de-temporada.jpg","type":"image\/jpeg"}],"author":"anfitriaoprime","twitter_card":"summary_large_image","twitter_misc":{"Escrito por":"anfitriaoprime","Est. tempo de leitura":"4 minutos"},"schema":{"@context":"https:\/\/schema.org","@graph":[{"@type":"WebPage","@id":"https:\/\/www.anfitriaoprime.com.br\/blog\/aluguel-de-temporada-deve-se-recuperar-primeiro-da-pandemia\/","url":"https:\/\/www.anfitriaoprime.com.br\/blog\/aluguel-de-temporada-deve-se-recuperar-primeiro-da-pandemia\/","name":"Aluguel de temporada deve se recuperar primeiro da pandemia - Blog Anfitri\u00e3o Prime: Ganhe dinheiro com aluguel de temporada.","isPartOf":{"@id":"https:\/\/www.anfitriaoprime.com.br\/blog\/#website"},"datePublished":"2020-07-17T13:30:00+00:00","dateModified":"2025-05-07T20:39:43+00:00","author":{"@id":"https:\/\/www.anfitriaoprime.com.br\/blog\/#\/schema\/person\/1938a3ae114d1c7ab2db79ebd2bb7bdd"},"description":"Saiba qual o panorama para os pr\u00f3ximos meses no setor do turismo e aluguel de temporada e veja quais atitudes tomar para acompanhar o mercado.","breadcrumb":{"@id":"https:\/\/www.anfitriaoprime.com.br\/blog\/aluguel-de-temporada-deve-se-recuperar-primeiro-da-pandemia\/#breadcrumb"},"inLanguage":"pt-BR","potentialAction":[{"@type":"ReadAction","target":["https:\/\/www.anfitriaoprime.com.br\/blog\/aluguel-de-temporada-deve-se-recuperar-primeiro-da-pandemia\/"]}]},{"@type":"BreadcrumbList","@id":"https:\/\/www.anfitriaoprime.com.br\/blog\/aluguel-de-temporada-deve-se-recuperar-primeiro-da-pandemia\/#breadcrumb","itemListElement":[{"@type":"ListItem","position":1,"name":"In\u00edcio","item":"https:\/\/www.anfitriaoprime.com.br\/blog\/"},{"@type":"ListItem","position":2,"name":"Aluguel de temporada deve se recuperar primeiro da pandemia"}]},{"@type":"WebSite","@id":"https:\/\/www.anfitriaoprime.com.br\/blog\/#website","url":"https:\/\/www.anfitriaoprime.com.br\/blog\/","name":"Blog Anfitri\u00e3o Prime - Gest\u00e3o de propriedade para aluguel de temporada","description":"No blog do Anfitri\u00e3o Prime voc\u00ea encontra dicas e informa\u00e7\u00f5es sobre o mercado de aluguel de temporada escrito por anfitri\u00f5es profissionais","potentialAction":[{"@type":"SearchAction","target":{"@type":"EntryPoint","urlTemplate":"https:\/\/www.anfitriaoprime.com.br\/blog\/?s={search_term_string}"},"query-input":"required name=search_term_string"}],"inLanguage":"pt-BR"},{"@type":"Person","@id":"https:\/\/www.anfitriaoprime.com.br\/blog\/#\/schema\/person\/1938a3ae114d1c7ab2db79ebd2bb7bdd","name":"anfitriaoprime","image":{"@type":"ImageObject","inLanguage":"pt-BR","@id":"https:\/\/www.anfitriaoprime.com.br\/blog\/#\/schema\/person\/image\/","url":"https:\/\/secure.gravatar.com\/avatar\/1adb0796a2d3d9f29c7b10e53d35b528?s=96&d=mm&r=g","contentUrl":"https:\/\/secure.gravatar.com\/avatar\/1adb0796a2d3d9f29c7b10e53d35b528?s=96&d=mm&r=g","caption":"anfitriaoprime"},"sameAs":["https:\/\/www.anfitriaoprime.com.br\/blog"]}]}},"acf":[],"_links":{"self":[{"href":"https:\/\/www.anfitriaoprime.com.br\/blog\/wp-json\/wp\/v2\/posts\/351"}],"collection":[{"href":"https:\/\/www.anfitriaoprime.com.br\/blog\/wp-json\/wp\/v2\/posts"}],"about":[{"href":"https:\/\/www.anfitriaoprime.com.br\/blog\/wp-json\/wp\/v2\/types\/post"}],"author":[{"embeddable":true,"href":"https:\/\/www.anfitriaoprime.com.br\/blog\/wp-json\/wp\/v2\/users\/1"}],"replies":[{"embeddable":true,"href":"https:\/\/www.anfitriaoprime.com.br\/blog\/wp-json\/wp\/v2\/comments?post=351"}],"version-history":[{"count":7,"href":"https:\/\/www.anfitriaoprime.com.br\/blog\/wp-json\/wp\/v2\/posts\/351\/revisions"}],"predecessor-version":[{"id":6814,"href":"https:\/\/www.anfitriaoprime.com.br\/blog\/wp-json\/wp\/v2\/posts\/351\/revisions\/6814"}],"wp:featuredmedia":[{"embeddable":true,"href":"https:\/\/www.anfitriaoprime.com.br\/blog\/wp-json\/wp\/v2\/media\/361"}],"wp:attachment":[{"href":"https:\/\/www.anfitriaoprime.com.br\/blog\/wp-json\/wp\/v2\/media?parent=351"}],"wp:term":[{"taxonomy":"category","embeddable":true,"href":"https:\/\/www.anfitriaoprime.com.br\/blog\/wp-json\/wp\/v2\/categories?post=351"},{"taxonomy":"post_tag","embeddable":true,"href":"https:\/\/www.anfitriaoprime.com.br\/blog\/wp-json\/wp\/v2\/tags?post=351"}],"curies":[{"name":"wp","href":"https:\/\/api.w.org\/{rel}","templated":true}]}}