{"id":5976,"date":"2023-10-10T11:06:45","date_gmt":"2023-10-10T14:06:45","guid":{"rendered":"https:\/\/www.anfitriaoprime.com.br\/blog\/?p=5976"},"modified":"2026-01-05T10:51:17","modified_gmt":"2026-01-05T13:51:17","slug":"locacao-tradicional-e-locacao-por-temporada","status":"publish","type":"post","link":"https:\/\/www.anfitriaoprime.com.br\/blog\/locacao-tradicional-e-locacao-por-temporada\/","title":{"rendered":"Descubra as diferen\u00e7as cruciais entre a loca\u00e7\u00e3o tradicional e loca\u00e7\u00e3o por temporada"},"content":{"rendered":"<p><span style=\"font-weight: 400;\">Loca\u00e7\u00e3o tradicional e loca\u00e7\u00e3o por temporada s\u00e3o duas formas de alugar um im\u00f3vel, mas que se diferenciam em rela\u00e7\u00e3o \u00e0 dura\u00e7\u00e3o do contrato entre locat\u00e1rio e locador.\u00a0\u00a0<\/span><\/p>\n<p><span style=\"font-weight: 400;\">Neste artigo, o <\/span><b>Anfitri\u00e3o Prime<\/b><span style=\"font-weight: 400;\">, como o maior gestor de im\u00f3veis de temporada do Brasil, vai explorar este tema que \u00e9 t\u00e3o importante para quem est\u00e1 envolvido no mundo das loca\u00e7\u00f5es de im\u00f3veis. Entender isso, \u00e9 crucial para propriet\u00e1rios, gestores e inquilinos, j\u00e1 que cada um est\u00e1 procurando sanar necessidades e situa\u00e7\u00f5es diferentes.\u00a0<\/span><\/p>\n<p>&nbsp;<\/p>\n<h2><b>Entendendo o que loca\u00e7\u00e3o tradicional e loca\u00e7\u00e3o por temporada<\/b><\/h2>\n<p><span style=\"font-weight: 400;\">A loca\u00e7\u00e3o tradicional, como o pr\u00f3prio nome sugere, \u00e9 um contrato de aluguel de longo prazo que, normalmente, dura mais de 12 meses. Sendo assim, \u00e9 uma comodidade para propriet\u00e1rios e inquilinos que desejam estabelecer uma resid\u00eancia de longo prazo em uma \u00e1rea espec\u00edfica.\u00a0<\/span><\/p>\n<p><span style=\"font-weight: 400;\">Por outro lado, a locu\u00e7\u00e3o por temporada \u00e9 uma op\u00e7\u00e3o de curto prazo ou <\/span><a href=\"https:\/\/www.anfitriaoprime.com.br\/blog\/locacao-short-day\/\"><span style=\"font-weight: 400;\">short day<\/span><\/a><span style=\"font-weight: 400;\">, como costumamos falar. Este tipo de loca\u00e7\u00e3o pode variar de alguns dias e pode chegar at\u00e9 90 dias, sendo uma op\u00e7\u00e3o para quem desejar ter mais rotatividade de h\u00f3spedes. Essa loca\u00e7\u00e3o, geralmente \u00e9 feita para turistas, viajantes a neg\u00f3cios ou qualquer pessoa que deseje se hospedar em um novo ambiente e desfrutar das comodidades do seu im\u00f3vel. Al\u00e9m disso, vale deixar claro que este tipo de loca\u00e7\u00e3o \u00e9 especialmente popular em destinos tur\u00edsticos.\u00a0<\/span><\/p>\n<p>&nbsp;<\/p>\n<figure id=\"attachment_5979\" class=\"thumbnail wp-caption aligncenter\" style=\"width: 760px\"><a href=\"https:\/\/reservas.anfitriaoprime.com.br\/aluguel\/casa-caraguatatuba-casa-com-lazer-a-750m-da-praia-de-massaguacu-sp-392260.html\"><img decoding=\"async\" loading=\"lazy\" class=\"size-full wp-image-5979\" src=\"https:\/\/www.anfitriaoprime.com.br\/blog\/wp-content\/uploads\/2023\/10\/Dimensoes-personalizadas-750x410-px-10.png\" alt=\"loca\u00e7\u00e3o tradicional e loca\u00e7\u00e3o por temporada - as diferen\u00e7as cruciais\" width=\"750\" height=\"410\" srcset=\"https:\/\/www.anfitriaoprime.com.br\/blog\/wp-content\/uploads\/2023\/10\/Dimensoes-personalizadas-750x410-px-10.png 750w, https:\/\/www.anfitriaoprime.com.br\/blog\/wp-content\/uploads\/2023\/10\/Dimensoes-personalizadas-750x410-px-10-300x164.png 300w\" sizes=\"(max-width: 750px) 100vw, 750px\" \/><\/a><figcaption class=\"caption wp-caption-text\">Casa com lazer \u00e0 750m da Praia de Massagua\u00e7u\/SP | Im\u00f3vel gerido pelo Anfitri\u00e3o Prime<\/figcaption><\/figure>\n<p>&nbsp;<\/p>\n<h2><b>Diferen\u00e7as cruciais entre loca\u00e7\u00e3o tradicional e loca\u00e7\u00e3o por temporada\u00a0<\/b><\/h2>\n<p><span style=\"font-weight: 400;\">\u00c9 importante ressaltar que quando falamos de loca\u00e7\u00e3o tradicional, \u00e9 aquela em que uma pessoa aluga um im\u00f3vel para moradia mesmo. \u00c9 neste tipo de contrato que os inquilinos t\u00eam a possibilidade de estabelecer um lar permanente, enquanto os propriet\u00e1rios garantem um fluxo constante de renda.<\/span><\/p>\n<p><span style=\"font-weight: 400;\">Por outro lado, o aluguel por temporada \u00e9 ideal para quem precisa de algo tempor\u00e1rio, como para f\u00e9rias em destinos tur\u00edsticos ou viagens de neg\u00f3cios. Essa op\u00e7\u00e3o oferece flexibilidade para que propriet\u00e1rios tamb\u00e9m usem o im\u00f3vel para outros fins. Esse tipo de neg\u00f3cio possibilita que os h\u00f3spedes escolham im\u00f3veis com diversas op\u00e7\u00f5es de comodidades e que tenham \u00e0 sua disposi\u00e7\u00e3o, durante um curto per\u00edodo de tempo, uma casa completa. \u00c9 uma excelente forma de viajar e continuar tendo a privacidade que um hotel n\u00e3o d\u00e1.\u00a0<\/span><\/p>\n<p><span style=\"font-weight: 400;\">Al\u00e9m disso, tamb\u00e9m podemos citar o fato de que a loca\u00e7\u00e3o tradicional tem aluguel mensal, com um valor fixo que, normalmente, aumenta anualmente. J\u00e1 a loca\u00e7\u00e3o por temporada \u00e9 cobrada a partir de di\u00e1rias, que variam de acordo com diversos fatores, como a localiza\u00e7\u00e3o, quantidade de h\u00f3spedes, quantos dias reservas e at\u00e9 a \u00e9poca do ano. Aqui no <strong>Anfitri\u00e3o Prime<\/strong> trabalhamos com uma estrat\u00e9gia de <\/span><a href=\"https:\/\/www.anfitriaoprime.com.br\/blog\/valor-da-diaria-no-aluguel-de-temporada\/\"><span style=\"font-weight: 400;\">precifica\u00e7\u00e3o com quatro etapas<\/span><\/a><span style=\"font-weight: 400;\"> e que leva em conta diretrizes do <\/span><a href=\"https:\/\/www.anfitriaoprime.com.br\/blog\/revenue-management\/\"><span style=\"font-weight: 400;\">Revenue Management<\/span><\/a><span style=\"font-weight: 400;\">.\u00a0<\/span><\/p>\n<p><span style=\"font-weight: 400;\">Isso sem falar que tanto a loca\u00e7\u00e3o tradicional, quanto a por temporada, est\u00e3o sujeitas a regulamenta\u00e7\u00f5es espec\u00edficas, que variam de acordo com a regi\u00e3o onde o im\u00f3vel est\u00e1 localizado. Por exemplo, existem leis que estipulam qual \u00e9 o teto m\u00e1ximo que um locat\u00e1rio pode exigir como dep\u00f3sito de seguran\u00e7a. J\u00e1 a loca\u00e7\u00e3o por temporada t\u00eam as suas pr\u00f3prias leis e pode variar at\u00e9 de <\/span><a href=\"https:\/\/www.anfitriaoprime.com.br\/blog\/condominio-pode-proibidir-aluguel-por-temporada\/\"><span style=\"font-weight: 400;\">condom\u00ednio para condom\u00ednio,<\/span><\/a><span style=\"font-weight: 400;\"> caso o im\u00f3vel seja um apartamento.\u00a0<\/span><\/p>\n<p>&nbsp;<\/p>\n<h2><b>Outras diferen\u00e7as entre loca\u00e7\u00e3o tradicional e loca\u00e7\u00e3o por temporada\u00a0<\/b><\/h2>\n<p><span style=\"font-weight: 400;\">Normalmente, quem aluga im\u00f3veis de forma tradicional, aluga atrav\u00e9s de imobili\u00e1rias. Essas imobili\u00e1rias trazem seguran\u00e7a financeira aos propriet\u00e1rios, por\u00e9m limitam a varia\u00e7\u00e3o de rentabilidade, que nem sempre \u00e9 boa.\u00a0<\/span><\/p>\n<p><span style=\"font-weight: 400;\">J\u00e1 quem aluga por temporada trabalha com plataformas de reservas digitais, como Airbnb e Booking, que foram criadas para atender essa demanda. Esses sites oferecem praticidade, facilidade e maior visibilidade de im\u00f3veis de todo o mundo. Al\u00e9m disso, garantem mais autonomia e oportunidades aos propriet\u00e1rios que n\u00e3o precisam depender de uma imobili\u00e1ria para ter mais h\u00f3spedes. Com a loca\u00e7\u00e3o por temporada tamb\u00e9m \u00e9 poss\u00edvel estar sempre de olho nos danos ao im\u00f3vel e fazer reparos de preven\u00e7\u00e3o, garantindo que ele est\u00e1 sendo cuidado como realmente merece.\u00a0<\/span><\/p>\n<p>&nbsp;<\/p>\n<figure id=\"attachment_5980\" class=\"thumbnail wp-caption aligncenter\" style=\"width: 760px\"><a href=\"https:\/\/www.airbnb.com.br\/rooms\/648371130226764427\"><img decoding=\"async\" loading=\"lazy\" class=\"size-full wp-image-5980\" src=\"https:\/\/www.anfitriaoprime.com.br\/blog\/wp-content\/uploads\/2023\/10\/Dimensoes-personalizadas-750x410-px-11.png\" alt=\"loca\u00e7\u00e3o tradicional e loca\u00e7\u00e3o por temporada - as diferen\u00e7as cruciais\" width=\"750\" height=\"410\" srcset=\"https:\/\/www.anfitriaoprime.com.br\/blog\/wp-content\/uploads\/2023\/10\/Dimensoes-personalizadas-750x410-px-11.png 750w, https:\/\/www.anfitriaoprime.com.br\/blog\/wp-content\/uploads\/2023\/10\/Dimensoes-personalizadas-750x410-px-11-300x164.png 300w\" sizes=\"(max-width: 750px) 100vw, 750px\" \/><\/a><figcaption class=\"caption wp-caption-text\">Casa incr\u00edvel c piscina e lazer, Praia do Forte\/BA | Im\u00f3vel gerido pelo Anfitri\u00e3o Prime<\/figcaption><\/figure>\n<h2><\/h2>\n<h2><b>Ficou interessado na loca\u00e7\u00e3o por temporada?\u00a0<\/b><\/h2>\n<p><span style=\"font-weight: 400;\">O <strong>Anfitri\u00e3o Prime<\/strong> \u00e9 o maior gestor de im\u00f3veis de temporada do Brasil, com mais de 1.000 acomoda\u00e7\u00f5es no portf\u00f3lio. Dos mais diversos tipos de im\u00f3veis, gerenciamos desde lofts, studios, casas, apartamentos, ch\u00e1caras e mans\u00f5es. Para isso, a propriedade s\u00f3 precisa ter o b\u00e1sico para\u00a0 que uma pessoa possa se hospedar: cama, cozinha e banheiros equipados e individualizados.\u00a0<\/span><\/p>\n<p><span style=\"font-weight: 400;\">Ao trabalhar com o <strong>Anfitri\u00e3o Prime<\/strong>, sempre ter\u00e1 uma equipe dispon\u00edvel para falar com seus h\u00f3spedes, entendendo suas necessidades e maximizando os seus ganhos. Cuidamos de todas as etapas da loca\u00e7\u00e3o por temporada: an\u00fancio, fotos, calend\u00e1rio, precifica\u00e7\u00e3o inteligente, comunica\u00e7\u00e3o com os h\u00f3spedes, check-in, check-out e at\u00e9 manuten\u00e7\u00e3o, limpeza e lavanderia. Assim, voc\u00ea aproveita o seu tempo livre com o que desejar. Entre em contato com a nossa equipe e descubra como podemos fazer tudo isso por voc\u00ea!<\/span><\/p>\n","protected":false},"excerpt":{"rendered":"<p>Loca\u00e7\u00e3o tradicional e loca\u00e7\u00e3o por temporada s\u00e3o duas formas de alugar um im\u00f3vel, mas que se diferenciam em rela\u00e7\u00e3o \u00e0 dura\u00e7\u00e3o do contrato entre locat\u00e1rio e locador.\u00a0\u00a0 Neste artigo, o Anfitri\u00e3o Prime, como o maior gestor de im\u00f3veis de temporada do Brasil, vai explorar este tema que \u00e9 t\u00e3o importante para quem est\u00e1 envolvido no [&hellip;]<\/p>\n","protected":false},"author":4,"featured_media":5977,"comment_status":"open","ping_status":"open","sticky":false,"template":"","format":"standard","meta":[],"categories":[7],"tags":[27,161,217],"yoast_head":"<!-- This site is optimized with the Yoast SEO plugin v21.1 - https:\/\/yoast.com\/wordpress\/plugins\/seo\/ -->\n<title>Loca\u00e7\u00e3o tradicional e loca\u00e7\u00e3o por temporada: descubra diferen\u00e7as<\/title>\n<meta name=\"description\" content=\"Descubra as diferen\u00e7as cruciais entre a loca\u00e7\u00e3o tradicional e loca\u00e7\u00e3o por temporada, e qual atende melhor \u00e0s suas necessidades.\" \/>\n<meta name=\"robots\" content=\"index, follow, max-snippet:-1, max-image-preview:large, max-video-preview:-1\" \/>\n<link rel=\"canonical\" href=\"https:\/\/www.anfitriaoprime.com.br\/blog\/locacao-tradicional-e-locacao-por-temporada\/\" \/>\n<meta property=\"og:locale\" content=\"pt_BR\" \/>\n<meta property=\"og:type\" content=\"article\" \/>\n<meta property=\"og:title\" content=\"Loca\u00e7\u00e3o tradicional e loca\u00e7\u00e3o por temporada: descubra diferen\u00e7as\" \/>\n<meta property=\"og:description\" content=\"Descubra as diferen\u00e7as cruciais entre a loca\u00e7\u00e3o tradicional e loca\u00e7\u00e3o por temporada, e qual atende melhor \u00e0s suas necessidades.\" \/>\n<meta property=\"og:url\" content=\"https:\/\/www.anfitriaoprime.com.br\/blog\/locacao-tradicional-e-locacao-por-temporada\/\" \/>\n<meta property=\"og:site_name\" content=\"Blog Anfitri\u00e3o Prime: Ganhe dinheiro com aluguel de temporada.\" \/>\n<meta property=\"article:published_time\" content=\"2023-10-10T14:06:45+00:00\" \/>\n<meta property=\"article:modified_time\" content=\"2026-01-05T13:51:17+00:00\" \/>\n<meta property=\"og:image\" content=\"https:\/\/www.anfitriaoprime.com.br\/blog\/wp-content\/uploads\/2023\/10\/Dimensoes-personalizadas-1920x550-px-6.png\" \/>\n\t<meta property=\"og:image:width\" content=\"1920\" \/>\n\t<meta property=\"og:image:height\" content=\"550\" \/>\n\t<meta property=\"og:image:type\" content=\"image\/png\" \/>\n<meta name=\"author\" content=\"Jessica Silva\" \/>\n<meta name=\"twitter:card\" content=\"summary_large_image\" \/>\n<meta name=\"twitter:label1\" content=\"Escrito por\" \/>\n\t<meta name=\"twitter:data1\" content=\"Jessica Silva\" \/>\n\t<meta name=\"twitter:label2\" content=\"Est. tempo de leitura\" \/>\n\t<meta name=\"twitter:data2\" content=\"5 minutos\" \/>\n<script type=\"application\/ld+json\" class=\"yoast-schema-graph\">{\"@context\":\"https:\/\/schema.org\",\"@graph\":[{\"@type\":\"WebPage\",\"@id\":\"https:\/\/www.anfitriaoprime.com.br\/blog\/locacao-tradicional-e-locacao-por-temporada\/\",\"url\":\"https:\/\/www.anfitriaoprime.com.br\/blog\/locacao-tradicional-e-locacao-por-temporada\/\",\"name\":\"Loca\u00e7\u00e3o tradicional e loca\u00e7\u00e3o por temporada: descubra diferen\u00e7as\",\"isPartOf\":{\"@id\":\"https:\/\/www.anfitriaoprime.com.br\/blog\/#website\"},\"datePublished\":\"2023-10-10T14:06:45+00:00\",\"dateModified\":\"2026-01-05T13:51:17+00:00\",\"author\":{\"@id\":\"https:\/\/www.anfitriaoprime.com.br\/blog\/#\/schema\/person\/4303c2d120156c62f54fad43ecfade99\"},\"description\":\"Descubra as diferen\u00e7as cruciais entre a loca\u00e7\u00e3o tradicional e loca\u00e7\u00e3o por temporada, e qual atende melhor \u00e0s suas necessidades.\",\"breadcrumb\":{\"@id\":\"https:\/\/www.anfitriaoprime.com.br\/blog\/locacao-tradicional-e-locacao-por-temporada\/#breadcrumb\"},\"inLanguage\":\"pt-BR\",\"potentialAction\":[{\"@type\":\"ReadAction\",\"target\":[\"https:\/\/www.anfitriaoprime.com.br\/blog\/locacao-tradicional-e-locacao-por-temporada\/\"]}]},{\"@type\":\"BreadcrumbList\",\"@id\":\"https:\/\/www.anfitriaoprime.com.br\/blog\/locacao-tradicional-e-locacao-por-temporada\/#breadcrumb\",\"itemListElement\":[{\"@type\":\"ListItem\",\"position\":1,\"name\":\"In\u00edcio\",\"item\":\"https:\/\/www.anfitriaoprime.com.br\/blog\/\"},{\"@type\":\"ListItem\",\"position\":2,\"name\":\"Descubra as diferen\u00e7as cruciais entre a loca\u00e7\u00e3o tradicional e loca\u00e7\u00e3o por temporada\"}]},{\"@type\":\"WebSite\",\"@id\":\"https:\/\/www.anfitriaoprime.com.br\/blog\/#website\",\"url\":\"https:\/\/www.anfitriaoprime.com.br\/blog\/\",\"name\":\"Blog Anfitri\u00e3o Prime - Gest\u00e3o de propriedade para aluguel de temporada\",\"description\":\"No blog do Anfitri\u00e3o Prime voc\u00ea encontra dicas e informa\u00e7\u00f5es sobre o mercado de aluguel de temporada escrito por anfitri\u00f5es profissionais\",\"potentialAction\":[{\"@type\":\"SearchAction\",\"target\":{\"@type\":\"EntryPoint\",\"urlTemplate\":\"https:\/\/www.anfitriaoprime.com.br\/blog\/?s={search_term_string}\"},\"query-input\":\"required name=search_term_string\"}],\"inLanguage\":\"pt-BR\"},{\"@type\":\"Person\",\"@id\":\"https:\/\/www.anfitriaoprime.com.br\/blog\/#\/schema\/person\/4303c2d120156c62f54fad43ecfade99\",\"name\":\"Jessica Silva\",\"image\":{\"@type\":\"ImageObject\",\"inLanguage\":\"pt-BR\",\"@id\":\"https:\/\/www.anfitriaoprime.com.br\/blog\/#\/schema\/person\/image\/\",\"url\":\"https:\/\/secure.gravatar.com\/avatar\/14f941d9f9a571e9051f867f3d436c82?s=96&d=mm&r=g\",\"contentUrl\":\"https:\/\/secure.gravatar.com\/avatar\/14f941d9f9a571e9051f867f3d436c82?s=96&d=mm&r=g\",\"caption\":\"Jessica Silva\"}}]}<\/script>\n<!-- \/ Yoast SEO plugin. -->","yoast_head_json":{"title":"Loca\u00e7\u00e3o tradicional e loca\u00e7\u00e3o por temporada: descubra diferen\u00e7as","description":"Descubra as diferen\u00e7as cruciais entre a loca\u00e7\u00e3o tradicional e loca\u00e7\u00e3o por temporada, e qual atende melhor \u00e0s suas necessidades.","robots":{"index":"index","follow":"follow","max-snippet":"max-snippet:-1","max-image-preview":"max-image-preview:large","max-video-preview":"max-video-preview:-1"},"canonical":"https:\/\/www.anfitriaoprime.com.br\/blog\/locacao-tradicional-e-locacao-por-temporada\/","og_locale":"pt_BR","og_type":"article","og_title":"Loca\u00e7\u00e3o tradicional e loca\u00e7\u00e3o por temporada: descubra diferen\u00e7as","og_description":"Descubra as diferen\u00e7as cruciais entre a loca\u00e7\u00e3o tradicional e loca\u00e7\u00e3o por temporada, e qual atende melhor \u00e0s suas necessidades.","og_url":"https:\/\/www.anfitriaoprime.com.br\/blog\/locacao-tradicional-e-locacao-por-temporada\/","og_site_name":"Blog Anfitri\u00e3o Prime: Ganhe dinheiro com aluguel de temporada.","article_published_time":"2023-10-10T14:06:45+00:00","article_modified_time":"2026-01-05T13:51:17+00:00","og_image":[{"width":1920,"height":550,"url":"https:\/\/www.anfitriaoprime.com.br\/blog\/wp-content\/uploads\/2023\/10\/Dimensoes-personalizadas-1920x550-px-6.png","type":"image\/png"}],"author":"Jessica Silva","twitter_card":"summary_large_image","twitter_misc":{"Escrito por":"Jessica Silva","Est. tempo de leitura":"5 minutos"},"schema":{"@context":"https:\/\/schema.org","@graph":[{"@type":"WebPage","@id":"https:\/\/www.anfitriaoprime.com.br\/blog\/locacao-tradicional-e-locacao-por-temporada\/","url":"https:\/\/www.anfitriaoprime.com.br\/blog\/locacao-tradicional-e-locacao-por-temporada\/","name":"Loca\u00e7\u00e3o tradicional e loca\u00e7\u00e3o por temporada: descubra diferen\u00e7as","isPartOf":{"@id":"https:\/\/www.anfitriaoprime.com.br\/blog\/#website"},"datePublished":"2023-10-10T14:06:45+00:00","dateModified":"2026-01-05T13:51:17+00:00","author":{"@id":"https:\/\/www.anfitriaoprime.com.br\/blog\/#\/schema\/person\/4303c2d120156c62f54fad43ecfade99"},"description":"Descubra as diferen\u00e7as cruciais entre a loca\u00e7\u00e3o tradicional e loca\u00e7\u00e3o por temporada, e qual atende melhor \u00e0s suas necessidades.","breadcrumb":{"@id":"https:\/\/www.anfitriaoprime.com.br\/blog\/locacao-tradicional-e-locacao-por-temporada\/#breadcrumb"},"inLanguage":"pt-BR","potentialAction":[{"@type":"ReadAction","target":["https:\/\/www.anfitriaoprime.com.br\/blog\/locacao-tradicional-e-locacao-por-temporada\/"]}]},{"@type":"BreadcrumbList","@id":"https:\/\/www.anfitriaoprime.com.br\/blog\/locacao-tradicional-e-locacao-por-temporada\/#breadcrumb","itemListElement":[{"@type":"ListItem","position":1,"name":"In\u00edcio","item":"https:\/\/www.anfitriaoprime.com.br\/blog\/"},{"@type":"ListItem","position":2,"name":"Descubra as diferen\u00e7as cruciais entre a loca\u00e7\u00e3o tradicional e loca\u00e7\u00e3o por temporada"}]},{"@type":"WebSite","@id":"https:\/\/www.anfitriaoprime.com.br\/blog\/#website","url":"https:\/\/www.anfitriaoprime.com.br\/blog\/","name":"Blog Anfitri\u00e3o Prime - Gest\u00e3o de propriedade para aluguel de temporada","description":"No blog do Anfitri\u00e3o Prime voc\u00ea encontra dicas e informa\u00e7\u00f5es sobre o mercado de aluguel de temporada escrito por anfitri\u00f5es profissionais","potentialAction":[{"@type":"SearchAction","target":{"@type":"EntryPoint","urlTemplate":"https:\/\/www.anfitriaoprime.com.br\/blog\/?s={search_term_string}"},"query-input":"required name=search_term_string"}],"inLanguage":"pt-BR"},{"@type":"Person","@id":"https:\/\/www.anfitriaoprime.com.br\/blog\/#\/schema\/person\/4303c2d120156c62f54fad43ecfade99","name":"Jessica Silva","image":{"@type":"ImageObject","inLanguage":"pt-BR","@id":"https:\/\/www.anfitriaoprime.com.br\/blog\/#\/schema\/person\/image\/","url":"https:\/\/secure.gravatar.com\/avatar\/14f941d9f9a571e9051f867f3d436c82?s=96&d=mm&r=g","contentUrl":"https:\/\/secure.gravatar.com\/avatar\/14f941d9f9a571e9051f867f3d436c82?s=96&d=mm&r=g","caption":"Jessica Silva"}}]}},"acf":[],"_links":{"self":[{"href":"https:\/\/www.anfitriaoprime.com.br\/blog\/wp-json\/wp\/v2\/posts\/5976"}],"collection":[{"href":"https:\/\/www.anfitriaoprime.com.br\/blog\/wp-json\/wp\/v2\/posts"}],"about":[{"href":"https:\/\/www.anfitriaoprime.com.br\/blog\/wp-json\/wp\/v2\/types\/post"}],"author":[{"embeddable":true,"href":"https:\/\/www.anfitriaoprime.com.br\/blog\/wp-json\/wp\/v2\/users\/4"}],"replies":[{"embeddable":true,"href":"https:\/\/www.anfitriaoprime.com.br\/blog\/wp-json\/wp\/v2\/comments?post=5976"}],"version-history":[{"count":2,"href":"https:\/\/www.anfitriaoprime.com.br\/blog\/wp-json\/wp\/v2\/posts\/5976\/revisions"}],"predecessor-version":[{"id":5981,"href":"https:\/\/www.anfitriaoprime.com.br\/blog\/wp-json\/wp\/v2\/posts\/5976\/revisions\/5981"}],"wp:featuredmedia":[{"embeddable":true,"href":"https:\/\/www.anfitriaoprime.com.br\/blog\/wp-json\/wp\/v2\/media\/5977"}],"wp:attachment":[{"href":"https:\/\/www.anfitriaoprime.com.br\/blog\/wp-json\/wp\/v2\/media?parent=5976"}],"wp:term":[{"taxonomy":"category","embeddable":true,"href":"https:\/\/www.anfitriaoprime.com.br\/blog\/wp-json\/wp\/v2\/categories?post=5976"},{"taxonomy":"post_tag","embeddable":true,"href":"https:\/\/www.anfitriaoprime.com.br\/blog\/wp-json\/wp\/v2\/tags?post=5976"}],"curies":[{"name":"wp","href":"https:\/\/api.w.org\/{rel}","templated":true}]}}